{"id":332,"date":"2023-09-16T14:05:03","date_gmt":"2023-09-16T12:05:03","guid":{"rendered":"http:\/\/smtv.de\/wordpress\/?p=332"},"modified":"2023-09-16T14:09:47","modified_gmt":"2023-09-16T12:09:47","slug":"lortzingstrassenfest-am-sonntag-17-september","status":"publish","type":"post","link":"http:\/\/smtv.de\/wordpress\/2023\/09\/16\/lortzingstrassenfest-am-sonntag-17-september\/","title":{"rendered":"Lortzingstra\u00dfenfest am Sonntag, 17. September"},"content":{"rendered":"\n<p>Viele wissen das Oskar-Frech-SeeBad liegt an der Lortzingstra\u00dfe, aber dass dort auch noch acht Vereine ihre Vereinsheime und Anlagen haben, ist lange nicht so bekannt. Zum 10. Mal pr\u00e4sentieren sich am Sonntag, 17. September von 11 bis 18 Uhr acht Vereine und das Oskar-Frech-SeeBad gemeinsam und hoffen auf viele Besucher. Teilnehmen werden die DLRG Ortsgruppe Schorndorf, das Oskar-Frech-SeeBad, der Reit-und Fahrverein Schorndorf, der DRK Ortsverein Schorndorf zusammen mit der Feuerwehr, der Verein f\u00fcr Vogel- und Aquarienfreunde Schorndorf und Umgebung, die 1.Schorndorfer Musik und Tanzvereinigung, die Kolpingfamilie Schorndorf, die Berg- und Wanderfreunde und der Pfadfinderstamm &#8222;Armer Konrad&#8220;. Geboten wird auf jedem Vereinsgel\u00e4nde ein buntes Programm f\u00fcr jung und alt. Reiten, Stockbrot grillen und Musik sind nur einige Programmpunkte entlang der Lortzingstra\u00dfe. F\u00fcr Bewirtung ist auf der Vereinsmeile an diesem Tag auch ausreichend gesorgt. F\u00fcr Kinder gibt es eine Lortzingstra\u00dfen-Rallye, bei der bei allen teilnehmenden Vereine und beim Oskar-Frech-Seebad eine Aufgabe erf\u00fcllt werden muss und jedes Kind, dass alle Stempel abgeholt kann sich bei den Pfadfindern einen kleinen Preis abholen. Wo gestartet wird ist egal, da es die Laufkarten \u00fcberall gibt. Es kommen wieder alle Laufzettel in einen Lostopf und um 16.30 Uhr findet am Vereinsheim der 1.SMTV eine Verlosung von attraktiven Preisen statt. Die Vereinsmeile an der Lortzingstra\u00dfe w\u00fcrde sich \u00fcber viele Besucher freuen.<\/p>\n\n\n\n<figure class=\"wp-block-image size-large is-style-default\"><img loading=\"lazy\" decoding=\"async\" width=\"644\" height=\"912\" src=\"http:\/\/smtv.de\/wordpress\/wp-content\/uploads\/2023\/09\/230831_Plakat_A1-644x912.jpg\" alt=\"\" class=\"wp-image-335\" srcset=\"http:\/\/smtv.de\/wordpress\/wp-content\/uploads\/2023\/09\/230831_Plakat_A1-644x912.jpg 644w, http:\/\/smtv.de\/wordpress\/wp-content\/uploads\/2023\/09\/230831_Plakat_A1-212x300.jpg 212w, http:\/\/smtv.de\/wordpress\/wp-content\/uploads\/2023\/09\/230831_Plakat_A1-768x1087.jpg 768w, http:\/\/smtv.de\/wordpress\/wp-content\/uploads\/2023\/09\/230831_Plakat_A1-600x850.jpg 600w, http:\/\/smtv.de\/wordpress\/wp-content\/uploads\/2023\/09\/230831_Plakat_A1.jpg 1000w\" sizes=\"auto, (max-width: 644px) 100vw, 644px\" \/><figcaption class=\"wp-element-caption\">Plakat Lortzingstra\u00dfenfest 2023<\/figcaption><\/figure>\n","protected":false},"excerpt":{"rendered":"<p>Viele wissen das Oskar-Frech-SeeBad liegt an der Lortzingstra\u00dfe, aber dass dort auch noch acht Vereine ihre Vereinsheime und Anlagen haben, ist lange nicht so bekannt. Zum 10. Mal pr\u00e4sentieren sich am Sonntag, 17. September von 11 bis 18 Uhr acht Vereine und das Oskar-Frech-SeeBad gemeinsam und hoffen auf viele Besucher. Teilnehmen werden die DLRG Ortsgruppe [&hellip;]<\/p>\n","protected":false},"author":1,"featured_media":335,"comment_status":"closed","ping_status":"open","sticky":false,"template":"","format":"standard","meta":{"footnotes":""},"categories":[4],"tags":[28,22,24,12,25,16,14,27,10,31,23,29,32,15,8,13,30,11,26],"class_list":["post-332","post","type-post","status-publish","format-standard","has-post-thumbnail","hentry","category-veranstaltungen","tag-berg-und-wanderfreunde","tag-dlrg","tag-drk","tag-fest","tag-feuerwehr","tag-gewinnspiele","tag-kinderolympiade","tag-kolpingfamilie","tag-lortzingstrasse","tag-musik","tag-oskar-frech-seebad","tag-pfadfinder-armer-konrad","tag-rallye","tag-reiten","tag-schorndorf","tag-september","tag-stockbrot","tag-vereine","tag-vogel-und-aquarienfreunde"],"_links":{"self":[{"href":"http:\/\/smtv.de\/wordpress\/wp-json\/wp\/v2\/posts\/332","targetHints":{"allow":["GET"]}}],"collection":[{"href":"http:\/\/smtv.de\/wordpress\/wp-json\/wp\/v2\/posts"}],"about":[{"href":"http:\/\/smtv.de\/wordpress\/wp-json\/wp\/v2\/types\/post"}],"author":[{"embeddable":true,"href":"http:\/\/smtv.de\/wordpress\/wp-json\/wp\/v2\/users\/1"}],"replies":[{"embeddable":true,"href":"http:\/\/smtv.de\/wordpress\/wp-json\/wp\/v2\/comments?post=332"}],"version-history":[{"count":2,"href":"http:\/\/smtv.de\/wordpress\/wp-json\/wp\/v2\/posts\/332\/revisions"}],"predecessor-version":[{"id":336,"href":"http:\/\/smtv.de\/wordpress\/wp-json\/wp\/v2\/posts\/332\/revisions\/336"}],"wp:featuredmedia":[{"embeddable":true,"href":"http:\/\/smtv.de\/wordpress\/wp-json\/wp\/v2\/media\/335"}],"wp:attachment":[{"href":"http:\/\/smtv.de\/wordpress\/wp-json\/wp\/v2\/media?parent=332"}],"wp:term":[{"taxonomy":"category","embeddable":true,"href":"http:\/\/smtv.de\/wordpress\/wp-json\/wp\/v2\/categories?post=332"},{"taxonomy":"post_tag","embeddable":true,"href":"http:\/\/smtv.de\/wordpress\/wp-json\/wp\/v2\/tags?post=332"}],"curies":[{"name":"wp","href":"https:\/\/api.w.org\/{rel}","templated":true}]}}