{"id":46,"date":"2018-02-15T21:18:34","date_gmt":"2018-02-15T20:18:34","guid":{"rendered":"http:\/\/smtv.de\/wordpress\/?p=46"},"modified":"2018-07-08T13:21:17","modified_gmt":"2018-07-08T11:21:17","slug":"lortzingstrassenfest-2015","status":"publish","type":"post","link":"http:\/\/smtv.de\/wordpress\/2018\/02\/15\/lortzingstrassenfest-2015\/","title":{"rendered":"Lortzingstra\u00dfenfest 2015"},"content":{"rendered":"<p>Bereits zum vierten Mal verwandelte sich die Lortzingstra\u00dfe in eine gro\u00dfe Vereinsmeile. Mit Kinderolympiade, Kutschfahrten, Gewinnspielen, Fahrzeugschau und vielen weiteren Attraktionen war f\u00fcr Gro\u00df und Klein jede Menge geboten, auch f\u00fcr die Bewirtung war bestens gesorgt. Das Seniorenblasorchester des Blasmusikverbands Rems-Murr hat musiziert und auch die Tanzgarden der 1.SMTV sind aufgetreten. Viele haben sich \u00fcber die Vereinsarbeit entlang der Lortzingstra\u00dfe informiert.<\/p>\n<div id='gallery-1' class='gallery galleryid-46 gallery-columns-3 gallery-size-thumbnail'><figure class='gallery-item'>\n\t\t\t<div class='gallery-icon landscape'>\n\t\t\t\t<a href='http:\/\/smtv.de\/wordpress\/2018\/02\/15\/lortzingstrassenfest-2015\/lortzingstrassenfest_2015_13_20150923_1837668758\/'><img loading=\"lazy\" decoding=\"async\" width=\"150\" height=\"150\" src=\"http:\/\/smtv.de\/wordpress\/wp-content\/uploads\/2018\/02\/lortzingstrassenfest_2015_13_20150923_1837668758-150x150.jpg\" class=\"attachment-thumbnail size-thumbnail\" alt=\"\" \/><\/a>\n\t\t\t<\/div><\/figure><figure class='gallery-item'>\n\t\t\t<div class='gallery-icon landscape'>\n\t\t\t\t<a href='http:\/\/smtv.de\/wordpress\/2018\/02\/15\/lortzingstrassenfest-2015\/lortzingstrassenfest_2015_27_20150923_1786380875\/'><img loading=\"lazy\" decoding=\"async\" width=\"150\" height=\"150\" src=\"http:\/\/smtv.de\/wordpress\/wp-content\/uploads\/2018\/02\/lortzingstrassenfest_2015_27_20150923_1786380875-150x150.jpg\" class=\"attachment-thumbnail size-thumbnail\" alt=\"\" \/><\/a>\n\t\t\t<\/div><\/figure>\n\t\t<\/div>\n\n<p>An der Kinderralley haben \u00fcber 100 Kinder teilgenommen und konnten sich bei der Abgabe \u00fcber eine kleine Anerkennung freuen. Der ausgef\u00fcllte Laufzettel kam in einen Lostopf und am Ende der Veranstaltung wurden noch 40 Sachpreise an die anwesenden Ralleyteilnehmer verlost. Leider war die Besucher Resonanz wie das Wetter zu Beginn durchwachsen aber mit der Sonne am nachmittag kamen auch noch die Besucher.<\/p>\n<p>Weitere Bilder finden Sie in der Mediathek.<\/p>\n","protected":false},"excerpt":{"rendered":"<p>Bereits zum vierten Mal verwandelte sich die Lortzingstra\u00dfe in eine gro\u00dfe Vereinsmeile. Mit Kinderolympiade, Kutschfahrten, Gewinnspielen, Fahrzeugschau und vielen weiteren Attraktionen war f\u00fcr Gro\u00df und Klein jede Menge geboten, auch f\u00fcr die Bewirtung war bestens gesorgt. Das Seniorenblasorchester des Blasmusikverbands Rems-Murr hat musiziert und auch die Tanzgarden der 1.SMTV sind aufgetreten. Viele haben sich \u00fcber [&hellip;]<\/p>\n","protected":false},"author":1,"featured_media":48,"comment_status":"open","ping_status":"open","sticky":false,"template":"","format":"standard","meta":{"footnotes":""},"categories":[1],"tags":[],"class_list":["post-46","post","type-post","status-publish","format-standard","has-post-thumbnail","hentry","category-allgemein"],"_links":{"self":[{"href":"http:\/\/smtv.de\/wordpress\/wp-json\/wp\/v2\/posts\/46","targetHints":{"allow":["GET"]}}],"collection":[{"href":"http:\/\/smtv.de\/wordpress\/wp-json\/wp\/v2\/posts"}],"about":[{"href":"http:\/\/smtv.de\/wordpress\/wp-json\/wp\/v2\/types\/post"}],"author":[{"embeddable":true,"href":"http:\/\/smtv.de\/wordpress\/wp-json\/wp\/v2\/users\/1"}],"replies":[{"embeddable":true,"href":"http:\/\/smtv.de\/wordpress\/wp-json\/wp\/v2\/comments?post=46"}],"version-history":[{"count":2,"href":"http:\/\/smtv.de\/wordpress\/wp-json\/wp\/v2\/posts\/46\/revisions"}],"predecessor-version":[{"id":134,"href":"http:\/\/smtv.de\/wordpress\/wp-json\/wp\/v2\/posts\/46\/revisions\/134"}],"wp:featuredmedia":[{"embeddable":true,"href":"http:\/\/smtv.de\/wordpress\/wp-json\/wp\/v2\/media\/48"}],"wp:attachment":[{"href":"http:\/\/smtv.de\/wordpress\/wp-json\/wp\/v2\/media?parent=46"}],"wp:term":[{"taxonomy":"category","embeddable":true,"href":"http:\/\/smtv.de\/wordpress\/wp-json\/wp\/v2\/categories?post=46"},{"taxonomy":"post_tag","embeddable":true,"href":"http:\/\/smtv.de\/wordpress\/wp-json\/wp\/v2\/tags?post=46"}],"curies":[{"name":"wp","href":"https:\/\/api.w.org\/{rel}","templated":true}]}}